{"id":4848,"date":"2024-10-19T16:18:53","date_gmt":"2024-10-19T14:18:53","guid":{"rendered":"http:\/\/havelnetz.de\/kunden\/mpw\/2024\/10\/19\/tesla-gruenheide-uebernimmt-500-leiharbeiter\/"},"modified":"2024-10-19T16:18:53","modified_gmt":"2024-10-19T14:18:53","slug":"tesla-gruenheide-uebernimmt-500-leiharbeiter","status":"publish","type":"post","link":"http:\/\/havelnetz.de\/kunden\/mpw\/2024\/10\/19\/tesla-gruenheide-uebernimmt-500-leiharbeiter\/","title":{"rendered":"Tesla Gr\u00fcnheide \u00fcbernimmt 500 Leiharbeiter"},"content":{"rendered":"<p><a href=\"https:\/\/wirtschaft-markt.de\/2024\/10\/19\/tesla-gruenheide-uebernimmt-500-leiharbeiter\/\" title=\"Tesla Gr\u00fcnheide \u00fcbernimmt 500 Leiharbeiter\"><\/a><\/p>\n<div class=\"con conDetailHeader \">\n<div class=\"modCon\">\n<div class=\"mod modA modParagraph\">\n<div class=\"boxCon\">\n<div class=\"box \">\n<div class=\"itemIntroText\">\n<div class=\"container-fluid\">\n<div class=\"row mainrow\">\n<div class=\"col-md-9\">\n<div class=\" details-inset\">\n<div class=\"row content-row\">\n<div class=\"content-col-wide\">\n<div class=\"row\">\n<div class=\"col\">\n<div class=\"seitenkopf\">\n<div class=\"seitenkopf__media columns twelve m-twelve\">\n<div class=\"ts-picture__wrapper\">\n<div class=\"css-p99m3j\">\n<div>\n<div><\/div>\n<\/div>\n<\/div>\n<div>\n<div>\n<strong>Gr\u00fcnheide.<\/strong> Der US-Elektroautobauer Tesla will nach dpa-Angaben will trotz schwieriger Marktlage in seiner Fabrik in Gr\u00fcnheide bei Berlin 500 Leiharbeiterinnen und Leiharbeiter \u00fcbernehmen. Die Gesch\u00e4ftsf\u00fchrung habe entschieden, dass sie zum 1. November fest \u00fcbernommen w\u00fcrden, teilte das Unternehmen mit. Damit kommt Tesla auch der Forderung des Betriebsrates nach, den Anteil an Leiharbeit weiter zu reduzieren. Tesla f\u00fchrte Ende 2022 Zeitarbeit ein und \u00fcbernahm seitdem nach eigenen Angaben 1.000 Leiharbeiter in Festanstellung ohne die j\u00fcngste Ank\u00fcndigung. Wie viele Leiharbeiter es derzeit insgesamt sind, ist unklar \u2013 es gibt aber mehr als 500.\n<\/div>\n<\/div>\n<div class=\"article-content css-19akfyr\">\n<p class=\"css-3zk5y8\">\n<\/p><\/div>\n<\/div>\n<\/div>\n<\/div>\n<\/div>\n<\/div>\n<\/div>\n<\/div>\n<\/div>\n<\/div>\n<\/div>\n<\/div>\n<\/div>\n<\/div>\n<\/div>\n<\/div>\n<\/div>\n<\/div>\n<p>Der Beitrag <a href=\"https:\/\/wirtschaft-markt.de\/2024\/10\/19\/tesla-gruenheide-uebernimmt-500-leiharbeiter\/\">Tesla Gr\u00fcnheide \u00fcbernimmt 500 Leiharbeiter<\/a> erschien zuerst auf <a href=\"https:\/\/wirtschaft-markt.de\/\">Wirtschaft und Markt<\/a>.<\/p>","protected":false},"excerpt":{"rendered":"<p>Gr\u00fcnheide. Der US-Elektroautobauer Tesla will nach dpa-Angaben will trotz schwieriger Marktlage in seiner Fabrik in Gr\u00fcnheide bei Berlin 500 Leiharbeiterinnen und Leiharbeiter \u00fcbernehmen. Die Gesch\u00e4ftsf\u00fchrung habe entschieden, dass sie zum 1. November fest \u00fcbernommen w\u00fcrden, teilte das Unternehmen mit. Damit kommt Tesla auch der Forderung des Betriebsrates nach, den Anteil an Leiharbeit weiter zu reduzieren. Tesla f\u00fchrte Ende 2022 Zeitarbeit ein und \u00fcbernahm seitdem nach eigenen Angaben 1.000 Leiharbeiter in Festanstellung ohne die j\u00fcngste Ank\u00fcndigung. Wie viele Leiharbeiter es derzeit insgesamt sind, ist unklar \u2013 es gibt aber mehr als 500. Der Beitrag Tesla Gr\u00fcnheide \u00fcbernimmt 500 Leiharbeiter erschien zuerst auf [&hellip;]<\/p>\n","protected":false},"author":0,"featured_media":4849,"comment_status":"open","ping_status":"open","sticky":false,"template":"","format":"standard","meta":[],"categories":[1],"tags":[],"_links":{"self":[{"href":"http:\/\/havelnetz.de\/kunden\/mpw\/wp-json\/wp\/v2\/posts\/4848"}],"collection":[{"href":"http:\/\/havelnetz.de\/kunden\/mpw\/wp-json\/wp\/v2\/posts"}],"about":[{"href":"http:\/\/havelnetz.de\/kunden\/mpw\/wp-json\/wp\/v2\/types\/post"}],"replies":[{"embeddable":true,"href":"http:\/\/havelnetz.de\/kunden\/mpw\/wp-json\/wp\/v2\/comments?post=4848"}],"version-history":[{"count":0,"href":"http:\/\/havelnetz.de\/kunden\/mpw\/wp-json\/wp\/v2\/posts\/4848\/revisions"}],"wp:featuredmedia":[{"embeddable":true,"href":"http:\/\/havelnetz.de\/kunden\/mpw\/wp-json\/wp\/v2\/media\/4849"}],"wp:attachment":[{"href":"http:\/\/havelnetz.de\/kunden\/mpw\/wp-json\/wp\/v2\/media?parent=4848"}],"wp:term":[{"taxonomy":"category","embeddable":true,"href":"http:\/\/havelnetz.de\/kunden\/mpw\/wp-json\/wp\/v2\/categories?post=4848"},{"taxonomy":"post_tag","embeddable":true,"href":"http:\/\/havelnetz.de\/kunden\/mpw\/wp-json\/wp\/v2\/tags?post=4848"}],"curies":[{"name":"wp","href":"https:\/\/api.w.org\/{rel}","templated":true}]}}