{"id":3721,"date":"2023-05-17T13:33:40","date_gmt":"2023-05-17T11:33:40","guid":{"rendered":"http:\/\/havelnetz.de\/kunden\/mpw\/2023\/05\/17\/schwesig-plant-deutsch-finnisches-wirtschaftsforum\/"},"modified":"2023-05-17T13:33:40","modified_gmt":"2023-05-17T11:33:40","slug":"schwesig-plant-deutsch-finnisches-wirtschaftsforum","status":"publish","type":"post","link":"http:\/\/havelnetz.de\/kunden\/mpw\/2023\/05\/17\/schwesig-plant-deutsch-finnisches-wirtschaftsforum\/","title":{"rendered":"Schwesig plant deutsch-finnisches Wirtschaftsforum"},"content":{"rendered":"<p><a href=\"https:\/\/wirtschaft-markt.de\/2023\/05\/17\/schwesig-plant-deutsch-finnisches-wirtschaftsforum\/\" title=\"Schwesig plant deutsch-finnisches Wirtschaftsforum\"><\/a><\/p>\n<div class=\"news-header article__item\">\n<div class=\"news-header__headline\">\n<div class=\"article__item\"><\/div>\n<\/div>\n<div class=\"news-header__image\">\n<div>\n<div class=\"article__media-container \">Mecklenburg-Vorpommerns Ministerpr\u00e4sidentin <span class=\"rtr-schema-org\"><a class=\"rtr-entity\" href=\"https:\/\/www.zeit.de\/thema\/manuela-schwesig\">Manuela Schwesig<\/a><\/span> (SPD) hat nach dpa-Angaben am Rande ihrer viert\u00e4gigen Finnlandreise f\u00fcr September ein deutsch-finnisches Wirtschaftsforum in Rostock angek\u00fcndigt. Das Forum solle\u00a0 die wirtschaftlichen Kooperationen zu vertiefen. Das Interesse, sich st\u00e4rker im Ostseeraum zu engagieren, hat die Ministerpr\u00e4sidentin damit deutlich unter Beweis gestellt. Im Mai eine Konferenz f\u00fcr September zu beschlie\u00dfen, ist ambitioniert.<\/div>\n<\/div>\n<\/div>\n<\/div>\n<p>Der Beitrag <a href=\"https:\/\/wirtschaft-markt.de\/2023\/05\/17\/schwesig-plant-deutsch-finnisches-wirtschaftsforum\/\">Schwesig plant deutsch-finnisches Wirtschaftsforum<\/a> erschien zuerst auf <a href=\"https:\/\/wirtschaft-markt.de\/\">Wirtschaft und Markt<\/a>.<\/p>","protected":false},"excerpt":{"rendered":"<p>Mecklenburg-Vorpommerns Ministerpr\u00e4sidentin Manuela Schwesig (SPD) hat nach dpa-Angaben am Rande ihrer viert\u00e4gigen Finnlandreise f\u00fcr September ein deutsch-finnisches Wirtschaftsforum in Rostock angek\u00fcndigt. Das Forum solle\u00a0 die wirtschaftlichen Kooperationen zu vertiefen. Das Interesse, sich st\u00e4rker im Ostseeraum zu engagieren, hat die Ministerpr\u00e4sidentin damit deutlich unter Beweis gestellt. Im Mai eine Konferenz f\u00fcr September zu beschlie\u00dfen, ist ambitioniert. Der Beitrag Schwesig plant deutsch-finnisches Wirtschaftsforum erschien zuerst auf Wirtschaft und Markt.<\/p>\n","protected":false},"author":0,"featured_media":3722,"comment_status":"open","ping_status":"open","sticky":false,"template":"","format":"standard","meta":[],"categories":[1],"tags":[],"_links":{"self":[{"href":"http:\/\/havelnetz.de\/kunden\/mpw\/wp-json\/wp\/v2\/posts\/3721"}],"collection":[{"href":"http:\/\/havelnetz.de\/kunden\/mpw\/wp-json\/wp\/v2\/posts"}],"about":[{"href":"http:\/\/havelnetz.de\/kunden\/mpw\/wp-json\/wp\/v2\/types\/post"}],"replies":[{"embeddable":true,"href":"http:\/\/havelnetz.de\/kunden\/mpw\/wp-json\/wp\/v2\/comments?post=3721"}],"version-history":[{"count":0,"href":"http:\/\/havelnetz.de\/kunden\/mpw\/wp-json\/wp\/v2\/posts\/3721\/revisions"}],"wp:featuredmedia":[{"embeddable":true,"href":"http:\/\/havelnetz.de\/kunden\/mpw\/wp-json\/wp\/v2\/media\/3722"}],"wp:attachment":[{"href":"http:\/\/havelnetz.de\/kunden\/mpw\/wp-json\/wp\/v2\/media?parent=3721"}],"wp:term":[{"taxonomy":"category","embeddable":true,"href":"http:\/\/havelnetz.de\/kunden\/mpw\/wp-json\/wp\/v2\/categories?post=3721"},{"taxonomy":"post_tag","embeddable":true,"href":"http:\/\/havelnetz.de\/kunden\/mpw\/wp-json\/wp\/v2\/tags?post=3721"}],"curies":[{"name":"wp","href":"https:\/\/api.w.org\/{rel}","templated":true}]}}