{"id":12953,"date":"2026-04-07T05:30:00","date_gmt":"2026-04-07T03:30:00","guid":{"rendered":"http:\/\/havelnetz.de\/kunden\/mpw\/2026\/04\/07\/das-machn-wird-internationaler-interview-mit-marco-weicholdt\/"},"modified":"2026-04-07T05:30:00","modified_gmt":"2026-04-07T03:30:00","slug":"das-machn-wird-internationaler-interview-mit-marco-weicholdt","status":"publish","type":"post","link":"http:\/\/havelnetz.de\/kunden\/mpw\/2026\/04\/07\/das-machn-wird-internationaler-interview-mit-marco-weicholdt\/","title":{"rendered":"Das MACHN wird internationaler: Interview mit Marco Weicholdt"},"content":{"rendered":"<p>Vom 3. bis 4. Juni 2026 findet in Leipzig wieder das Business-Festival MACHN statt. Leiter Marco Weicholdt erl\u00e4utert im Interview, was dann neu sein wird. Wir sprachen mit ihm auch \u00fcber die Start-up-Factory boOst, die Wirtschaft im Osten und die bevorstehenden Landtagswahlen.<\/p>\n<p><span><\/span><\/p>\n<div class=\"wp-caption aligncenter\">\n<p class=\"wp-caption-text\">Marco Weicholdt, geboren 1987 in Leipzig, ist Managing Director &amp; Co-Founder der Start-up-Factory boOst und Leiter des MACHN Festivals.<\/p>\n<\/div>\n<h2><span class=\"title-bg\">ostdeutschland.info: Marco, Anfang Juni ist es wieder soweit \u2013 in Leipzig findet das n\u00e4chste MACHN-Festival statt. Worauf d\u00fcrfen sich Interessierte freuen?<\/span><\/h2>\n<p><strong>Marco Weicholdt: <\/strong>Im f\u00fcnften Festivaljahr bieten wir ein internationales Line-up an Personen, von New York bis Altenberg im Erzgebirge. Starke Fokusthemen f\u00fcr Unternehmer werden in diesem Jahr europ\u00e4ische L\u00f6sungen f\u00fcr Datensicherheit und Automatisierung sein. Aktuelle Entwicklungen rund um KI im Marketing und bei der Prozessoptimierung, aber auch Diskussionsr\u00e4ume zu unternehmerischer und gesellschaftlicher Verantwortung, Haltung und Werten. Auf insgesamt f\u00fcnf B\u00fchnen wird es Panels und Vortr\u00e4ge von Experten, Konzernverantwortlichen, Forschungsgruppenleitern und Gr\u00fcndern geben. Dazu Workshops zum direkten Umsetzen und eine Expo mit Partnerunternehmen aus der ganzen Region. Alles unter dem Motto: #zusammenMACHN.<\/p>\n<h2><span class=\"title-bg\">Wie blickst du auf die Entwicklung des Festivals?<\/span><\/h2>\n<p>Wir werden in diesem Jahr deutlich internationaler. Ziel ist es, die H\u00e4lfte der Programmpunkte im Festival auf Englisch anzubieten und deutschsprachige Inhalte live zu \u00fcbersetzen. Das hilft uns, zug\u00e4nglicher zu werden f\u00fcr die gr\u00fcndungsaffine Zielgruppe der Internationals und auch \u00fcber die nahen Grenzen nach Tschechien und Polen Kontakte aufzubauen. Gleichzeitig wird das <a href=\"https:\/\/machn-festival.de\/\" target=\"_blank\" rel=\"noopener\">MACHN<\/a> in diesem Jahr erstmalig veranstaltet im Rahmen der Start-up-Factory boOst. Das gibt uns Zugang zur etablierten Wirtschaft und die Chance, gemeinsam mit der Dachmarke #StartupGermany das MACHN zum Treffpunkt der gesamtdeutschen Start-up-Szene auszubauen.<\/p>\n<div class=\"ml-slider-3-104-0 metaslider metaslider-flex metaslider-9267 ml-slider has-dots-nav ms-theme-default-base\">\n<div>\n<div>\n<div class=\"caption-wrap\">\n<div class=\"caption\">Im f\u00fcnften Festivaljahr bietet das Organisationsteam des MACHN-Festivals ein internationales Line-Up an Personen. Abbildung: Sophie Valentin<\/div>\n<\/div>\n<div class=\"caption-wrap\">\n<div class=\"caption\">Tristan Horx, Trend- &amp; Zukunftsforscher von \u201eThe Future-Project\u201c sprach auf dem MACHN-Festival 2025. Auch f\u00fcr die diesj\u00e4hrige Ausgabe sind Top-Speaker angek\u00fcndigt. Abbildung: Anne Schwerin<\/div>\n<\/div>\n<div class=\"caption-wrap\">\n<div class=\"caption\">Ziel des diesj\u00e4hrigen Festivals ist es, die H\u00e4lfte der Programmpunkte auf Englisch anzubieten. Abbildung: Anne Schwerin<\/div>\n<\/div>\n<div class=\"caption-wrap\">\n<div class=\"caption\">Die Creative Stage auf dem MACHN-Festival. Abbildung: Anne Schwerin<\/div>\n<\/div><\/div>\n<\/div>\n<\/div>\n<h2><span class=\"title-bg\">SXSW, OMR, Republica, Staffbase Voices \u2013 habt ihr Vorbilder und wo wollt ihr noch hin mit dem MACHN?<\/span><\/h2>\n<p>Das sind sehr gro\u00dfe Veranstaltungen, die ihre Berechtigung und eigene Zielgruppen haben. Wir bauen an einem Event, das dem Osten eine Stimme verleiht, mit eigenen Themen, Unternehmen, Vorbildern und Chancen. Wenn Forscher auf Entrepreneure treffen, Investoren mit Gr\u00fcndern verhandeln und Gesch\u00e4ftsf\u00fchrer von Designern lernen, dann entsteht Magie. Wir versuchen, einen Treffpunkt f\u00fcr die anpackenden Kr\u00e4fte im Osten zu etablieren und den Geschichten und Machern von hier eine nationale B\u00fchne zu geben. Gleichzeitig sind wir \u00fcberzeugt von dem Wert, der im \u00fcberregionalen und interdisziplin\u00e4ren Austausch zwischen den \u00d6kosystemen steckt.<\/p>\n<h2><span class=\"title-bg\">Was ist der Unterschied zwischen dem MACHN und dem Ostdeutschen Wirtschaftsforum?<\/span><\/h2>\n<p>Das MACHN ist als unpolitisches Projekt gestartet mit dem Anspruch, die Macherinnen und Macher der Region Mitteldeutschland zu versammeln und zu st\u00e4rken. Auf unseren B\u00fchnen sind also keine Ministerpr\u00e4sidenten, sondern Gr\u00fcnder, Erfinder und Gestalter, die mit Risikobereitschaft Neues ausprobieren. Damit wollen wir den Mut zu Ver\u00e4nderung und die Gr\u00fcndungskultur st\u00e4rken, regionale Vorbilder setzen und wieder Lust auf Innovation wecken.<\/p>\n<div class=\"wp-caption aligncenter\">\n<p class=\"wp-caption-text\">Das boOst-Team bei der Er\u00f6ffnung des Tech Incubators am 6. Februar 2026 in der Gl\u00e4sernen Manufaktur in Dresden. Abbildung: Matvii Lytvynenko<\/p>\n<\/div>\n<h2><span class=\"title-bg\">Seit April 2025 bist du auch Managing Director &amp; Co-Founder der Start-up-Factory boOst \u2013 was hat es mit dieser auf sich?<\/span><\/h2>\n<p><a href=\"https:\/\/startup-factory-boost.de\/\">boOst<\/a> ist eine von zehn Start-up-Factories, die 2025 vom Bundeswirtschaftsministerium ins Leben gerufen wurden, um die Anzahl und Qualit\u00e4t der wissenschaftsbasierten Ausgr\u00fcndungen in Deutschland zu steigern. boOst ist ein Zusammenschluss von zehn Universit\u00e4ten und Hochschulen in Sachsen und Th\u00fcringen mit der regionalen Wirtschaft und unterst\u00fctzt technologiebasierte und wachstumsorientierte Gr\u00fcndungen bei der Skalierung von DeepTech-Gesch\u00e4ftsmodellen.<\/p>\n<h2><span class=\"title-bg\">Im Juli habt ihr eine millionenschwere F\u00f6rderung des Bundes f\u00fcr boOst erhalten. Wof\u00fcr wird das ausgegeben?<\/span><\/h2>\n<p>Unsere Aufgabe ist es, die richtige Umgebung f\u00fcr Wachstumsunternehmen (\u201eScale-ups\u201c) in der Region zu bieten. Zu h\u00e4ufig bleiben Start-ups in der fr\u00fchen Phase auf der Strecke und wachsen nicht zu internationalen Unternehmen heran, um Wertsch\u00f6pfung in der Region zu generieren und gleichzeitig die Innovationskraft der Unternehmen zu st\u00e4rken. Mit dem F\u00f6rdertopf und den Mitteln, die uns Partner aus der Wirtschaft wie Infineon, Zeiss oder Volkswagen zur Verf\u00fcgung stellen, bieten wir Formate entlang des gesamten Innovationsfunnels an, von der Inspiration im H\u00f6rsaal und Labor \u00fcber die Teamfindung geeigneter Co-Founder bis zum Transfer aus der akademischen Welt in die Wirtschaft. Dabei erm\u00f6glichen wir den Zugang zu Unternehmen, Kapital und Talenten, stellen jungen Gr\u00fcndern erfahrene Mentoren zur Seite und geben reale Herausforderungen aus der Wirtschaft in den Innovationsprozess. Wir bilden Forschungsteams mit Start-up-Methoden und in unternehmerischem Produktdenken aus und heben so gemeinsam mit realen Kunden die Qualit\u00e4t der Start-ups aus der Wissenschaft auf Weltniveau.<\/p>\n<h2><span class=\"title-bg\">Vor einem Monat hast du ein Foto von dir vor einem Regierungsflieger geteilt. Die Reise ging nach Riad \u2013 damals ging das noch \u2026<\/span><\/h2>\n<p>Das stimmt. Umso wichtiger erscheint die Mission, internationale Kontakte f\u00fcr wirtschaftliche und wissenschaftliche Kooperationen aufrecht zu erhalten. In der Delegation des Wirtschaftsministeriums sind Vertreter der etablierten Wirtschaft mit Gr\u00fcndern von Tech-Start-ups an den Golf gereist. Das Ziel der Ministerin ist, bei jeder Auslandsreise des Hauses auch Start-ups dabei zu haben und ihnen damit Zug\u00e4nge zu neuen M\u00e4rkten zu \u00f6ffnen. Deutschland soll als starker und innovativer Start-up-Standort wahrgenommen werden.<\/p>\n<h2><span class=\"title-bg\">Du hast schon Start-up-Safaris organisiert und sogenannte Fuck-up-Nights. Wie steht es denn aktuell um die Start-ups in Ostdeutschland?<\/span><\/h2>\n<p>Wir haben schon im Bundeswettbewerb gemerkt: Ostdeutschland ist im Moment strukturell nicht die kapitalst\u00e4rkste Region. Gleichzeitig glaube ich, dass Talent \u00fcberall auf der Welt gleichverteilt ist, aber bei uns manchmal die Vorbilder fehlen. Hat man das Gef\u00fchl, hier gro\u00dfe Visionen umsetzen zu k\u00f6nnen, oder muss man daf\u00fcr, wenn man es ernst meint und gro\u00df denkt, in andere St\u00e4dte in Europa oder den USA gehen? Um gegen diesen Eindruck anzuk\u00e4mpfen, m\u00fcssen wir Angebote schaffen, Erfolge sichtbar machen und das \u00d6kosystem st\u00e4rker miteinander verschr\u00e4nken, um Ressourcen gemeinsam besser zu nutzen und kleinteiliges lokales und regionales Konkurrenzdenken zu \u00fcberwinden. Die Wettbewerber sitzen in M\u00fcnchen, San Francisco oder Shanghai, nicht in Erfurt oder Leipzig.<\/p>\n<h2><span class=\"title-bg\">Wo hat die ostdeutsche Wirtschaft generell Chancen?<\/span><\/h2>\n<p>Das Fehlen von altem Geld hat die Region zur Effizienz trainiert. Wir haben eine exzellente Forschungslandschaft mit einem riesigen Potenzial f\u00fcr Ausgr\u00fcndungen. Die Lebenshaltungskosten sind g\u00fcnstig, zahlreiche Ansiedlungen und Investitionen zeigen: Wir haben Platz im Osten und eine sehr gute Infrastruktur. Es mangelt nicht an Ideen, es mangelt an Ambition und Vorstellungskraft, dass die eigene Technologie skalieren und international Kunden finden kann. Dieser kulturelle Wandel, dass wirtschaftlicher Erfolg kein soziales Stigma ist, hat aus meiner Sicht den gr\u00f6\u00dften Hebel f\u00fcr Unternehmerinnen und Unternehmer.<\/p>\n<h2><span class=\"title-bg\">Mit welchem Gef\u00fchl blickst du auf die Landtagswahlen 2026 in Ostdeutschland?<\/span><\/h2>\n<p>Ich hoffe, dass wir uns als Region f\u00fcr das Gestalten der eigenen Zukunft entscheiden und uns nicht abschotten. Wenn wir Deutschland glaubw\u00fcrdig als Start-up-Nation ausbauen wollen, brauchen wir motivierte, talentierte und risikofreudige Menschen hier vor Ort, die den Status quo und etablierte Prozesse hinterfragen. Das Signal f\u00fcr die Welt muss sein: Wer hier anpacken und etwas Gro\u00dfes aufbauen will, ist willkommen und bekommt volle Unterst\u00fctzung. Daf\u00fcr brauchen wir im Wettbewerb um die fittesten K\u00f6pfe internationale Mobilit\u00e4t und Zug\u00e4nge f\u00fcr Internationals, um wieder Wachstum und nachhaltige Wertsch\u00f6pfung in der Region zu produzieren. Wir brauchen eine weltoffene Kultur und die Gewissheit, dass man hier Unternehmen mit Weltniveau aufbauen kann.<\/p>\n<h2><span class=\"title-bg\">Vielen Dank.<\/span><\/h2>\n<p><em>Die Fragen stellte Robert Nehring.<\/em><\/p>\n<p>Der Beitrag <a href=\"https:\/\/ostdeutschland.info\/das-machn-wird-internationaler-interview-mit-marco-weicholdt\/\">Das MACHN wird internationaler: Interview mit Marco Weicholdt<\/a> erschien zuerst auf <a href=\"https:\/\/ostdeutschland.info\/\">ostdeutschland.info<\/a>.<\/p>","protected":false},"excerpt":{"rendered":"<p>Vom 3. bis 4. Juni 2026 findet in Leipzig wieder das Business-Festival MACHN statt. Leiter Marco Weicholdt erl\u00e4utert im Interview, was dann neu sein wird. Wir sprachen mit ihm auch \u00fcber die Start-up-Factory boOst, die Wirtschaft im Osten und die bevorstehenden Landtagswahlen. Marco Weicholdt, geboren 1987 in Leipzig, ist Managing Director &amp; Co-Founder der Start-up-Factory boOst und Leiter des MACHN Festivals. ostdeutschland.info: Marco, Anfang Juni ist es wieder soweit \u2013 in Leipzig findet das n\u00e4chste MACHN-Festival statt. Worauf d\u00fcrfen sich Interessierte freuen? Marco Weicholdt: Im f\u00fcnften Festivaljahr bieten wir ein internationales Line-up an Personen, von New York bis Altenberg im Erzgebirge. [&hellip;]<\/p>\n","protected":false},"author":0,"featured_media":12954,"comment_status":"open","ping_status":"open","sticky":false,"template":"","format":"standard","meta":[],"categories":[1],"tags":[],"_links":{"self":[{"href":"http:\/\/havelnetz.de\/kunden\/mpw\/wp-json\/wp\/v2\/posts\/12953"}],"collection":[{"href":"http:\/\/havelnetz.de\/kunden\/mpw\/wp-json\/wp\/v2\/posts"}],"about":[{"href":"http:\/\/havelnetz.de\/kunden\/mpw\/wp-json\/wp\/v2\/types\/post"}],"replies":[{"embeddable":true,"href":"http:\/\/havelnetz.de\/kunden\/mpw\/wp-json\/wp\/v2\/comments?post=12953"}],"version-history":[{"count":0,"href":"http:\/\/havelnetz.de\/kunden\/mpw\/wp-json\/wp\/v2\/posts\/12953\/revisions"}],"wp:featuredmedia":[{"embeddable":true,"href":"http:\/\/havelnetz.de\/kunden\/mpw\/wp-json\/wp\/v2\/media\/12954"}],"wp:attachment":[{"href":"http:\/\/havelnetz.de\/kunden\/mpw\/wp-json\/wp\/v2\/media?parent=12953"}],"wp:term":[{"taxonomy":"category","embeddable":true,"href":"http:\/\/havelnetz.de\/kunden\/mpw\/wp-json\/wp\/v2\/categories?post=12953"},{"taxonomy":"post_tag","embeddable":true,"href":"http:\/\/havelnetz.de\/kunden\/mpw\/wp-json\/wp\/v2\/tags?post=12953"}],"curies":[{"name":"wp","href":"https:\/\/api.w.org\/{rel}","templated":true}]}}