{"id":12941,"date":"2026-03-12T06:30:00","date_gmt":"2026-03-12T05:30:00","guid":{"rendered":"http:\/\/havelnetz.de\/kunden\/mpw\/2026\/03\/12\/ambulanz-mobile-feiert-35-jahre-innovation-sicherheit-und-nachhaltigkeit\/"},"modified":"2026-03-12T06:30:00","modified_gmt":"2026-03-12T05:30:00","slug":"ambulanz-mobile-feiert-35-jahre-innovation-sicherheit-und-nachhaltigkeit","status":"publish","type":"post","link":"http:\/\/havelnetz.de\/kunden\/mpw\/2026\/03\/12\/ambulanz-mobile-feiert-35-jahre-innovation-sicherheit-und-nachhaltigkeit\/","title":{"rendered":"Ambulanz Mobile feiert 35 Jahre Innovation, Sicherheit und Nachhaltigkeit"},"content":{"rendered":"<p>Das Familienunternehmen Ambulanz Mobile entwickelt und produziert hochwertige Ambulanzfahrzeuge. Das Unternehmen mit Hauptsitz in Sch\u00f6nebeck in Sachsen-Anhalt besch\u00e4ftigt rund 400 Mitarbeitende und steht seit 35 Jahren f\u00fcr Sicherheit, Innovation und Nachhaltigkeit.<span><\/span><\/p>\n<div class=\"wp-caption aligncenter\">\n<p class=\"wp-caption-text\">Die Familie hinter dem Unternehmen Ambulanz Mobile: Raik Schwarz, Dagmar Schwarz, Hans-J\u00fcrgen Schwarz, Frank Lundershausen (v. l. n. r.). Abbildung: Ambulanz Mobile<\/p>\n<\/div>\n<p>Seit der Gr\u00fcndung im Jahr 1991 hat sich das ostdeutsche Unternehmen von einem kleinen, vision\u00e4ren Hersteller zu einem etablierten Marktf\u00fchrer der Branche und zu einem international anerkannten Hersteller entwickelt. Die vergangenen 35 Jahre waren gepr\u00e4gt von technischem Fortschritt, der kontinuierlichen Weiterentwicklung des Fahrzeugbaus und einer klaren Ausrichtung auf Qualit\u00e4t, Verl\u00e4sslichkeit und Nachhaltigkeit. Durch stetige Investitionen in Forschung und Entwicklung konnte das Unternehmen nicht nur bestehende Standards im Sonderfahrzeugbau \u00fcbertreffen, sondern auch neue Ma\u00dfst\u00e4be f\u00fcr den Rettungsdienst setzen.<\/p>\n<h2><span class=\"title-bg\">Hohe Sicherheitsstandards und Nachhaltigkeit im Fokus<\/span><\/h2>\n<p>Besondere Aufmerksamkeit gilt den Sicherheitsstandards, bei denen sich <a href=\"https:\/\/www.ambulanzmobile.de\/\" target=\"_blank\" rel=\"noopener\">Ambulanz Mobile<\/a> nicht nur an den gesetzlichen Vorgaben orientiert, sondern diese \u00fcbertrifft und nach eigenen Ma\u00dfst\u00e4ben erg\u00e4nzt. Dies stellt das Unternehmen regelm\u00e4\u00dfig gemeinsam mit unabh\u00e4ngigen Pr\u00fcfinstituten in umfangreichen Material- und Crashtests unter Beweis.<\/p>\n<p>Neben der Sicherheit spielt auch die Nachhaltigkeit eine zentrale Rolle. Ein Meilenstein war die Einf\u00fchrung des vollelektrischen Krankentransportwagens eVALERIS sowie des vollelektrischen Notarzteinsatzfahrzeuges eVALERIS VITO, mit denen das Unternehmen ein deutliches Zeichen f\u00fcr umweltfreundliche Antriebsl\u00f6sungen im Rettungswesen gesetzt hat. Gleichzeitig beweist das Unternehmen mit vielen Kunden und Partnern immer wieder die Praktikabilit\u00e4t solcher Systeme in zahlreichen Szenarien des t\u00e4glichen Einsatzes. Dieses Engagement f\u00fcr Elektromobilit\u00e4t unterstreicht den Anspruch, technische Innovation mit gesellschaftlicher Verantwortung zu verbinden. Gleichzeitig wird die Entwicklung weiterer nachhaltiger L\u00f6sungen kontinuierlich vorangetrieben, um auch in Zukunft Ma\u00dfst\u00e4be bei Innovation und Umweltverantwortung zu setzen.<\/p>\n<div class=\"wp-caption aligncenter\">\n<p class=\"wp-caption-text\">Seit knapp 35 Jahren produziert Ambulanz Mobile Rettungswagen, Kranken- und Notarzteinsatzfahrzeuge und Spezialfahrzeuge f\u00fcr mobilit\u00e4tseingeschr\u00e4nkte Personen. Abbildung: Ambulanz Mobile<\/p>\n<\/div>\n<h2><span class=\"title-bg\">Nachhaltigkeit ist gelebte Praxis<\/span><\/h2>\n<p>Dar\u00fcber hinaus verfolgt Ambulanz Mobile ein umfassendes Umweltmanagementkonzept mit Blick auf 2030. Energiesparende Produktionsprozesse, kontinuierliche Ma\u00dfnahmen zur Reduktion des \u00f6kologischen Fu\u00dfabdrucks und j\u00e4hrliche Baumpflanzaktionen zeigen, dass Nachhaltigkeit nicht nur ein Versprechen, sondern gelebte Praxis im Unternehmen ist. Dabei tr\u00e4gt nicht nur die Gesch\u00e4ftsf\u00fchrung Verantwortung, wie CEO Hans-J\u00fcrgen Schwarz betont: \u201eJeder Mitarbeiter ist ein Umweltmanager.\u201c<\/p>\n<p>Auch die internationale Expansion ist ein zentraler Bestandteil der Unternehmensentwicklung. Partnerschaften, unter anderem in den Vereinigten Arabischen Emiraten, Singapur, Taiwan, Australien und Neuseeland haben die globale Pr\u00e4senz von Ambulanz Mobile deutlich gest\u00e4rkt und erm\u00f6glichen es dem Unternehmen, seine Expertise weit \u00fcber Europa hinaus zu exportieren.<\/p>\n<div class=\"wp-caption aligncenter\">\n<p class=\"wp-caption-text\">Die gro\u00dfartigen Kinderb\u00fccher von CEO Hans-J\u00fcrgen Schwarz werden regelm\u00e4\u00dfig an Kinder verschenkt. Abbildung: ostdeutschland.info<\/p>\n<\/div>\n<h2><span class=\"title-bg\">Soziales Engagement und regionale Initiativen<\/span><\/h2>\n<p>Neben den technologischen und internationalen Erfolgen legt Ambulanz Mobile ebenso gro\u00dfen Wert auf soziales Engagement. So werden beispielsweise die vom CEO Hans-J\u00fcrgen Schwarz verfassten sieben B\u00e4nde einer Kinderbuchreihe regelm\u00e4\u00dfig an Kinder verschenkt, um deren Interesse am Lesen, ihrer Umwelt und dem Rettungswesen zu st\u00e4rken. Zudem werden regionale Initiativen, lokale Jugendsportvereine und gemeinn\u00fctzige Organisationen aktiv und finanziell unterst\u00fctzt. Wie CEO Hans-J\u00fcrgen Schwarz betont: \u201eUnser Ziel ist es, immer die Besten zu sein.\u201c Das spiegelt sich sowohl in den Produkten und Dienstleistungen als auch in der Verantwortung gegen\u00fcber der Gesellschaft wider.<\/p>\n<p>Solche Faktoren bleiben nicht unbemerkt, was zahlreiche Gesellschafts- und Wirtschaftspreise in den letzten Jahren, beispielsweise eine Top-Platzierung beim \u201eGro\u00dfen Preis des Mittelstandes\u201c, unterstreichen. Im Jahr 2024 wurde Ambulanz Mobile hier als Premier-Finalist geehrt. 2025 erreichte das Unternehmen den 12. Platz im renommierten Ranking der \u201eTop-Mittelstandsunternehmen\u201c unter den \u201eTop 50 Fahrzeugbauern in Deutschland\u201c und sogar den ersten Platz unter den ostdeutschen Fahrzeugbauern. Ein klarer Beweis f\u00fcr Qualit\u00e4t, Innovationskraft, nachhaltiges Wachstum und das gesellschaftliche Engagement des Unternehmens.<\/p>\n<div class=\"wp-caption aligncenter\">\n<p class=\"wp-caption-text\">2025 erreichte das Unternehmen den 12. Platz im renommierten Ranking der \u201eTop-Mittelstandsunternehmen\u201c unter den \u201eTop 50 Fahrzeugbauern in Deutschland\u201c. Abbildung: Ambulanz Mobile<\/p>\n<\/div>\n<h2><span class=\"title-bg\">Mit klaren Visionen f\u00fcr die Zukunft<\/span><\/h2>\n<p>Doch Ambulanz Mobile blickt in diesem Jubil\u00e4umsjahr nicht nur auf die bisherigen Erfolge zur\u00fcck, sondern vor allem mit klaren Visionen und strategischen Zielen in die Zukunft, um die heutige Position in der Branche zu festigen und weiterhin Innovationstreiber f\u00fcr das Rettungs- und Krankentransportwesen zu sein.<\/p>\n<p>Der Beitrag <a href=\"https:\/\/ostdeutschland.info\/ambulanz-mobile-feiert-35-jahre-innovation-sicherheit-und-nachhaltigkeit\/\">Ambulanz Mobile feiert 35 Jahre Innovation, Sicherheit und Nachhaltigkeit<\/a> erschien zuerst auf <a href=\"https:\/\/ostdeutschland.info\/\">ostdeutschland.info<\/a>.<\/p>","protected":false},"excerpt":{"rendered":"<p>Das Familienunternehmen Ambulanz Mobile entwickelt und produziert hochwertige Ambulanzfahrzeuge. Das Unternehmen mit Hauptsitz in Sch\u00f6nebeck in Sachsen-Anhalt besch\u00e4ftigt rund 400 Mitarbeitende und steht seit 35 Jahren f\u00fcr Sicherheit, Innovation und Nachhaltigkeit. Die Familie hinter dem Unternehmen Ambulanz Mobile: Raik Schwarz, Dagmar Schwarz, Hans-J\u00fcrgen Schwarz, Frank Lundershausen (v. l. n. r.). Abbildung: Ambulanz Mobile Seit der Gr\u00fcndung im Jahr 1991 hat sich das ostdeutsche Unternehmen von einem kleinen, vision\u00e4ren Hersteller zu einem etablierten Marktf\u00fchrer der Branche und zu einem international anerkannten Hersteller entwickelt. Die vergangenen 35 Jahre waren gepr\u00e4gt von technischem Fortschritt, der kontinuierlichen Weiterentwicklung des Fahrzeugbaus und einer klaren Ausrichtung auf [&hellip;]<\/p>\n","protected":false},"author":0,"featured_media":12942,"comment_status":"open","ping_status":"open","sticky":false,"template":"","format":"standard","meta":[],"categories":[1],"tags":[],"_links":{"self":[{"href":"http:\/\/havelnetz.de\/kunden\/mpw\/wp-json\/wp\/v2\/posts\/12941"}],"collection":[{"href":"http:\/\/havelnetz.de\/kunden\/mpw\/wp-json\/wp\/v2\/posts"}],"about":[{"href":"http:\/\/havelnetz.de\/kunden\/mpw\/wp-json\/wp\/v2\/types\/post"}],"replies":[{"embeddable":true,"href":"http:\/\/havelnetz.de\/kunden\/mpw\/wp-json\/wp\/v2\/comments?post=12941"}],"version-history":[{"count":0,"href":"http:\/\/havelnetz.de\/kunden\/mpw\/wp-json\/wp\/v2\/posts\/12941\/revisions"}],"wp:featuredmedia":[{"embeddable":true,"href":"http:\/\/havelnetz.de\/kunden\/mpw\/wp-json\/wp\/v2\/media\/12942"}],"wp:attachment":[{"href":"http:\/\/havelnetz.de\/kunden\/mpw\/wp-json\/wp\/v2\/media?parent=12941"}],"wp:term":[{"taxonomy":"category","embeddable":true,"href":"http:\/\/havelnetz.de\/kunden\/mpw\/wp-json\/wp\/v2\/categories?post=12941"},{"taxonomy":"post_tag","embeddable":true,"href":"http:\/\/havelnetz.de\/kunden\/mpw\/wp-json\/wp\/v2\/tags?post=12941"}],"curies":[{"name":"wp","href":"https:\/\/api.w.org\/{rel}","templated":true}]}}