{"id":12897,"date":"2025-11-26T06:30:15","date_gmt":"2025-11-26T05:30:15","guid":{"rendered":"http:\/\/havelnetz.de\/kunden\/mpw\/2025\/11\/26\/dr-philipp-grunden-rico-chmelik-und-dr-julia-huenniger-automotive-thueringen-automobile-zukunft-gemeinsam-gestalten\/"},"modified":"2025-11-26T06:30:15","modified_gmt":"2025-11-26T05:30:15","slug":"dr-philipp-grunden-rico-chmelik-und-dr-julia-huenniger-automotive-thueringen-automobile-zukunft-gemeinsam-gestalten","status":"publish","type":"post","link":"http:\/\/havelnetz.de\/kunden\/mpw\/2025\/11\/26\/dr-philipp-grunden-rico-chmelik-und-dr-julia-huenniger-automotive-thueringen-automobile-zukunft-gemeinsam-gestalten\/","title":{"rendered":"Dr. Philipp Grunden, Rico Chmelik und Dr. Julia H\u00fcnniger: Automotive Th\u00fcringen. Automobile Zukunft gemeinsam gestalten"},"content":{"rendered":"<p>Dr. Philipp Grunden, Direktor Strategie &amp; Innovation, Rico Chmelik, Gesch\u00e4ftsf\u00fchrer, und Dr. Julia H\u00fcnniger, Projektleiterin Personal und Kompetenzentwicklung von automotive th\u00fcringen e.V. sind wichtige Impulsgeber f\u00fcr Ostdeutschland. Sie setzen sich ein f\u00fcr Vergewisserung, Verst\u00e4ndigung und Vers\u00f6hnung. Mit diesem Beitrag sind sie auch im zweiten Sammelband \u201eDenke ich an Ostdeutschland &#8230;\u201c vertreten.<\/p>\n<p><span><\/span><\/p>\n<div class=\"wp-caption aligncenter\">\n<p class=\"wp-caption-text\">Dr. Philipp Grunden, Direktor Strategie &amp; Innovation, Rico Chmelik, Gesch\u00e4ftsf\u00fchrer, Dr. Julia H\u00fcnniger, Projektleiterin Personal und Kompetenzentwicklung automotive th\u00fcringen e.V. Abbildung: Ulrich Brothagen<\/p>\n<\/div>\n<p>Denken wir an Ostdeutschland, dann denken wir an ein Land in Bewegung. Vor unserem inneren Auge erscheinen kurvenreiche Stra\u00dfen durch den Th\u00fcringer Wald, das Panorama der Wartburg \u2013 und Motorenkl\u00e4nge, die seit \u00fcber einem Jahrhundert aus Th\u00fcringen ert\u00f6nen. Th\u00fcringen? Ja, das gr\u00fcne Herz Deutschlands ist zugleich ein Herz der Automobilindustrie \u2013 mit einer \u00fcber 120-j\u00e4hrigen Automobiltradition und einer beeindruckenden Entwicklung hin zum Innovationsstandort der Mobilit\u00e4t. Dieser Mix aus Geschichte und Hightech, aus Emotion und Pr\u00e4zision, macht Th\u00fcringen heute zu einem Motor der Mobilit\u00e4t im Osten Deutschlands. Th\u00fcringen hat \u00fcber Generationen hinweg automobiles Know-how aufgebaut. Von der Schraube bis zum Scheinwerfer, vom Getriebe bis zur Innenausstattung \u2013 das Auto steckt in Th\u00fcringens DNA. Diese Tradition schafft Vertrauen und ist gleichzeitig Sprungbrett in die Zukunft.<\/p>\n<p><span><strong>Die ostdeutschen Bundesl\u00e4nder \u2013 mit Th\u00fcringen als starkem Zulieferstandort \u2013 sind Vorreiter bei der Transformation zur E-Mobilit\u00e4t.\u201d<\/strong><\/span><\/p>\n<h2><span class=\"title-bg\">Automobilzuliefer-Standort Th\u00fcringen<\/span><\/h2>\n<p>Der Freistaat Th\u00fcringen hat sich zu einem leistungsstarken Standort der Automobilzulieferindustrie entwickelt. \u00dcberwiegend Zulieferer, vom Hersteller der Spezialschraube bis zum Produzenten ganzer Karosserieteile, decken hier nahezu die gesamte automobile Wertsch\u00f6pfung ab. Wenig bekannt ist, dass Th\u00fcringens Zulieferer \u00fcber zahlreiche technologische \u201eLeuchtt\u00fcrme\u201c verf\u00fcgen, also Produkte und Leistungen, die weltweit Spitze sind und im globalen Wettbewerb f\u00fcr Aufsehen sorgen. Th\u00fcringer Unternehmen mischen in der automobilen Champions League mit, etwa durch folgende Highlights:<\/p>\n<p>Erste Batteriezellfertigung in Deutschland: In Th\u00fcringen entstand die erste Batteriezellfertigung Deutschlands \u2013 das chinesische Unternehmen CATL betreibt bei Erfurt eine Gigafactory, die Lithium-Ionen-Zellen in Massen fertigt.<br \/>\nMotorenschmiede f\u00fcr Mercedes: Th\u00fcringen beherbergt den gr\u00f6\u00dften Motorenstandort von Mercedes Benz \u2013 hier wird ein gro\u00dfer Teil aller Benz-Motoren weltweit gebaut. Ein beachtlicher Beitrag aus Ostdeutschland zur Welt der Premium-Autos.<br \/>\nBosch und Hightech-Sensoren: Der gr\u00f6\u00dfte Bosch-Standort in Ostdeutschland steht in Th\u00fcringen. Hier laufen hochmoderne Sensorsysteme vom Band, die zum Beispiel in Airbags, ESP und Assistenzsystemen unverzichtbar sind.<br \/>\nLuxus aus Th\u00fcringen \u2013 Rolls-Royce und Bugatti: Strukturteile aus Aluminium f\u00fcr die edlen Motoren von Rolls-Royce entstehen in Th\u00fcringen, ebenso Doppelkupplungen f\u00fcr den Bugatti Chiron. Selbst im absoluten Luxus- und Performance-Segment vertraut man auf Th\u00fcringer Ingenieurskunst.<br \/>\nInterieur f\u00fcr Lamborghini und Bentley: Interieur-Module, etwa T\u00fcrverkleidungen und Instrumententafeln, f\u00fcr Premium-SUVs wie Lamborghini und Bentley kommen aus Th\u00fcringen. Im Th\u00fcringer Wald entsteht also mit, was in den Luxuskarossen dieser Welt verbaut wird.<br \/>\nGr\u00f6\u00dftes Leichtmetallr\u00e4der-Werk: In Th\u00fcringen steht das gr\u00f6\u00dfte Werk f\u00fcr Leichtmetall-R\u00e4der in Europa. Hier werden Tag f\u00fcr Tag tausende Aluminiumr\u00e4der produziert \u2013 leicht, stabil, chic \u2013, die vielen Automodellen sprichw\u00f6rtlich Rollen verleihen.<br \/>\nWeltmarktf\u00fchrer bei Federn und Wellen: Th\u00fcringer Hersteller sind Weltmarktf\u00fchrer bei Fahrwerksfedern und bei Ausgleichswellen. Diese unscheinbaren Teile sind f\u00fcr Fahrkomfort und Laufruhe entscheidend. Th\u00fcringen setzt hier global den Ma\u00dfstab.<br \/>\nTechnologief\u00fchrer in Nischen: Ob Linsen f\u00fcr Autoscheinwerfer (f\u00fcr modernste LED- und Laserlichtsysteme), umschaltbare Sichtschutzfilter f\u00fcr Displays (damit zum Beispiel Beifahrer Displays nur sehen, wenn erlaubt), keramische Sensoren oder Luftg\u00fctesensoren f\u00fcr die Klimasteuerung \u2013 Th\u00fcringer Unternehmen haben in solchen Spezialfeldern die Nase vorn.<br \/>\nE-Mobilit\u00e4tstest aus Th\u00fcringen: F\u00fcr den Porsche Taycan kommen die Pr\u00fcfsysteme f\u00fcr Vernetzungstests von einem Th\u00fcringer Anbieter. Hightech-Equipment aus Th\u00fcringen sorgt also mit daf\u00fcr, dass die Elektrosportwagen zuverl\u00e4ssig funktionieren.<br \/>\nZukunftsprojekt Elektromobilit\u00e4t bei VW: F\u00fcr die neueste Generation von VW-Elektrofahrzeugen liefert ein Th\u00fcringer Unternehmen Strukturbauteile zu. Damit flie\u00dft Th\u00fcringer Know-how direkt in die E-Autos, die demn\u00e4chst \u00fcberall auf den Stra\u00dfen zu sehen sind.<br \/>\nMikrochips aus Th\u00fcringen in jedem Auto: Mindestens zehn integrierte Schaltkreise pro Fahrzeug stammen von einem Th\u00fcringer Halbleiterhersteller. Mit anderen Worten: In praktisch jedem modernen Auto steckt ein St\u00fcckchen Erfurt oder X-Fab &amp; Co.<\/p>\n<p>Diese Beispiele untermauern die enorme Leistungsf\u00e4higkeit und Zukunftspotenz der Th\u00fcringer Zulieferindustrie. Von Elektromobilit\u00e4t \u00fcber Leichtbau bis Sensorik \u2013 \u00fcberall mischen Firmen aus dem Freistaat mit. Es zeigt sich auch: Die oft mittelst\u00e4ndisch gepr\u00e4gte Struktur ist kein Hindernis, sondern kann sogar ein Wettbewerbsvorteil sein. Denn kleinere, hochspezialisierte Unternehmen reagieren flexibel, besetzen Nischen und kooperieren in Netzwerken, um gemeinsam Gro\u00dfes zu leisten.<\/p>\n<div class=\"wp-caption aligncenter\">\n<p class=\"wp-caption-text\">Rico Chmelik (rechts) mit Marquardt-Chef Timo Drescher im Werk Ichtershausen in der Montage f\u00fcr Batteriemanagementsysteme. Abbildung: Mario Hochhaus<\/p>\n<\/div>\n<h2><span class=\"title-bg\">Gr\u00fcndung und Entwicklung<\/span><\/h2>\n<p>Das Netzwerk automotive th\u00fcringen e.V. wurde mit dem Ziel gegr\u00fcndet, diese Kompetenzen der Automobilzulieferindustrie im Freistaat Th\u00fcringen zu b\u00fcndeln, zu vernetzen und zukunftsf\u00e4hig weiterzuentwickeln. In einer Region mit \u00fcber einem Jahrhundert Automobiltradition und tief verwurzeltem technischem Know-how sehen wir unsere Aufgabe darin, den Wandel der Branche aktiv zu begleiten. Heute z\u00e4hlen \u00fcber 115 Mitgliedsunternehmen mit rund 30.000 Besch\u00e4ftigten zu unserem Netzwerk. Gemeinsam arbeiten wir daran, Th\u00fcringen als leistungsstarken und innovativen Mobilit\u00e4tsstandort weiter auszubauen.<\/p>\n<p>Was automotive th\u00fcringen dabei auszeichnet, ist nicht nur das Netzwerk, sondern auch die Menschen dahinter. Pers\u00f6nlichkeiten wie Rico Chmelik, Philipp Grunden und Julia H\u00fcnniger stehen stellvertretend f\u00fcr ein starkes Team, das sich nicht mit Status quo zufriedengibt. Was sie eint: die F\u00e4higkeit, immer wieder die Ist- Situation klar zu analysieren und daraus neue Ideen zu entwickeln. Technisch, unternehmerisch, zwischenmenschlich. Sie bringen Menschen zusammen, \u00fcbersetzen Trends in konkrete Projekte und denken Wandel nicht als Risiko, sondern als Chance.<\/p>\n<p>Die Gesch\u00e4ftsstelle in Erfurt fungiert dabei als zentrale Schnittstelle, von der aus die vielf\u00e4ltigen Aktivit\u00e4ten koordiniert werden. Mit kurzen Entscheidungswegen, flachen Hierarchien und einem agilen Mindset setzen wir Impulse, die weit \u00fcber die Grenzen Th\u00fcringens hinauswirken. Wir legen Wert auf ein Arbeitsumfeld, das Flexibilit\u00e4t und Vereinbarkeit erm\u00f6glicht, damit jeder im Team seine St\u00e4rken einbringen und mitgestalten kann.<\/p>\n<p>Als Netzwerk sind wir Impulsgeber, Koordinator und Interessenvertretung zugleich. Wir schaffen Verbindungen zwischen Industrie, Forschung und Politik, f\u00f6rdern Kooperationen und bringen Wissen in die Fl\u00e4che. In Projekten wie \u201eInterior Hub for Sustainable Mobility\u201c (InSuM) oder \u201eBerufliche Bildung erneuern f\u00fcr die automobile Transformation\u201c (BeaT) unterst\u00fctzen wir Unternehmen dabei, neue M\u00e4rkte zu erschlie\u00dfen und ihre Mitarbeitenden fit f\u00fcr die Zukunft zu machen.<\/p>\n<p>Th\u00fcringen ist zwar kein OEM-Land im klassischen Sinne, aber gerade das hat Raum f\u00fcr eine agile, mittelst\u00e4ndisch gepr\u00e4gte Zulieferlandschaft geschaffen. Vom Aluminiumstrukturteil f\u00fcr den Bugatti bis zum Sensor f\u00fcr den Porsche Taycan \u2013 Th\u00fcringer Unternehmen stehen f\u00fcr Qualit\u00e4t, Innovationskraft und Nischenf\u00fchrerschaft. Unsere Mitglieder sind ein R\u00fcckgrat der ostdeutschen Automobilwirtschaft.<\/p>\n<div class=\"wp-caption aligncenter\">\n<p class=\"wp-caption-text\">Gie\u00dferei von Borbet Felgen in Th\u00fcringen. Abbildung: Wolfram Schroll<\/p>\n<\/div>\n<h2><span class=\"title-bg\">Unser Bezug zu Ostdeutschland<\/span><\/h2>\n<p>Th\u00fcringen liegt im Herzen Deutschlands \u2013 und im Herzen Ostdeutschlands. Die Transformation der ostdeutschen Automobilwirtschaft ist eine Erfolgsgeschichte, zu der wir als Netzwerk einen entscheidenden Beitrag leisten. Unsere Region zeigt, dass industrieller Strukturwandel mit Mut, Vernetzung und Know-how gelingen kann: Wo einst Textilmaschinen oder Gummirollen gebaut wurden, entstehen heute Hightech-Komponenten f\u00fcr Elektrofahrzeuge und Sensorik f\u00fcr automatisiertes Fahren.<\/p>\n<p>Die ostdeutschen Bundesl\u00e4nder \u2013 mit Th\u00fcringen als starkem Zulieferstandort \u2013 sind Vorreiter bei der Transformation zur E-Mobilit\u00e4t: von der Batteriezellfertigung \u00fcber Halbleiter-Cluster bis hin zu autonomen Fahrsystemen. Wir sehen diese Entwicklung nicht nur als wirtschaftliche Chance, sondern auch als gesellschaftliche Aufgabe. Sie sichert Arbeitspl\u00e4tze, schafft neue Perspektiven und bringt Zukunft in die Region.<\/p>\n<p>Ostdeutschland unterscheidet sich in vielen strukturellen Punkten vom Westen: kleinere Unternehmen, weniger OEMs, andere wirtschaftshistorische Pr\u00e4gung. Diese Unterschiede sind zugleich unsere St\u00e4rke. Die mittelst\u00e4ndische Struktur unserer Mitgliedsunternehmen macht sie flexibel, innovationsbereit und kooperationsf\u00e4hig. Gleichzeitig sind Investitionen in Weiterbildung, Infrastruktur und Digitalisierung essenziell, um die Wettbewerbsf\u00e4higkeit langfristig zu sichern.<\/p>\n<h2><span class=\"title-bg\">Unsere Vision f\u00fcr die Zukunft<\/span><\/h2>\n<p>Wir glauben an eine Zukunft, in der Th\u00fcringen nicht nur Zulieferland, sondern Mobilit\u00e4tsgestalter ist. Unser Ziel ist es, die Kompetenzen unserer Unternehmen weiter zu vernetzen, Talente in der Region zu halten und die Innovationskraft Ostdeutschlands sichtbar zu machen. Dabei bleiben wir unserer Leitidee treu: \u201eDie automobile Zukunft gemeinsam gestalten.\u201c<\/p>\n<p>Th\u00fcringen ist f\u00fcr uns nicht nur ein Ort mit Vergangenheit, sondern ein Standort mit Weitblick. Vom Wartburg bis zum Wasserstoffantrieb, von Simson bis zur Smart Factory \u2013 unser Unternehmen gestaltet aktiv die n\u00e4chste \u00c4ra der Mobilit\u00e4t. Ostdeutschland ist dabei nicht l\u00e4nger Nachz\u00fcgler, sondern Vorreiter. Und wir sind mittendrin.<\/p>\n<p><a href=\"https:\/\/ostdeutschland.info\/wp-content\/uploads\/2024\/08\/Ost_Button_4c.jpg\"><\/a><\/p>\n<h2><span class=\"title-bg\">Automotive Th\u00fcringen e.V.<\/span><\/h2>\n<p><strong>GEGR\u00dcNDET:<\/strong> 2000\/Erfurt<br \/>\n<strong>STANDORT:<\/strong> Erfurt<br \/>\n<strong>MITARBEITENDE:<\/strong> 6<br \/>\n<strong>WEBSITE:<\/strong> <a href=\"https:\/\/www.automotive-thueringen.de\/\" target=\"_blank\" rel=\"noopener\">automotive-thueringen.de<\/a><\/p>\n<p>\u00a0<\/p>\n<p><a href=\"https:\/\/ostdeutschland.info\/wp-content\/uploads\/2024\/08\/Ost_Button_4c.jpg\"><\/a><\/p>\n<h2><span class=\"title-bg\">Rico Chmelik<\/span><\/h2>\n<p><span><strong>GEBOREN:<\/strong> 1983\/Jena<\/span><br \/>\n<span><strong>WOHNORT (aktuell):<\/strong> Erfurt<br \/>\n<strong>MEIN BUCHTIPP:<\/strong> Armin Hermann: \u201eUnd trotzdem Br\u00fcder\u201c, 2002<br \/>\n<strong>MEIN FILMTIPP:<\/strong> \u201eBallon\u201c, 2018<br \/>\n<strong>MEIN URLAUBSTIPP:<\/strong> Th\u00fcringer Wald und Viernau<\/span><\/p>\n<p>\u00a0<\/p>\n<p><a href=\"https:\/\/ostdeutschland.info\/wp-content\/uploads\/2024\/08\/Ost_Button_4c.jpg\"><\/a><\/p>\n<h2><span class=\"title-bg\">Dr. Philipp Grunden<\/span><\/h2>\n<p><span><strong>GEBOREN:<\/strong> 1987\/Ahaus<\/span><br \/>\n<span><strong>WOHNORT (aktuell):<\/strong> Erfurt<br \/>\n<strong>MEIN BUCHTIPP:<\/strong> \u201eWarten auf\u2019n Bus\u201c, 2020<br \/>\n<strong>MEIN FILMTIPP:<\/strong> \u201eDas Leben der Anderen\u201c, 2006<br \/>\n<strong>MEIN URLAUBSTIPP:<\/strong> Sternenpark Rh\u00f6n<\/span><\/p>\n<p>\u00a0<\/p>\n<p><a href=\"https:\/\/ostdeutschland.info\/wp-content\/uploads\/2024\/08\/Ost_Button_Impulsgeberin_4c.jpg\"><\/a><\/p>\n<h2><span class=\"title-bg\">Dr. Julia H\u00fcnniger<\/span><\/h2>\n<p><span><strong>GEBOREN:<\/strong> 1984\/Jena<\/span><br \/>\n<span><strong>WOHNORT (aktuell):<\/strong> Erfurt<br \/>\n<strong>MEIN URLAUBSTIPP:<\/strong> Weimarer Land<\/span><\/p>\n<p>\u00a0<\/p>\n<p>\u00a0<\/p>\n<p>\u00a0<\/p>\n<p><strong>BUCHTIPP:<\/strong><\/p>\n<h2><span class=\"title-bg\">\u201eDenke ich an Ostdeutschland &#8230;\u201c<\/span><\/h2>\n<p><span>In der Beziehung von Ost- und Westdeutschland ist 35 Jahre nach dem Mauerfall noch ein Knoten. Auch dieser zweite Sammelband will einen Beitrag dazu leisten, ihn zu l\u00f6sen. Die weiteren 60 Autorinnen und Autoren geben in ihren Beitr\u00e4gen wichtige Impulse f\u00fcr eine gemeinsame Zukunft. Sie zeigen Chancen auf und skizzieren Perspektiven, scheuen sich aber auch nicht, Herausforderungen zu benennen. Die \u201eImpulsgeberinnen und Impulsgeber f\u00fcr Ostdeutschland\u201c erz\u00e4hlen Geschichten und schildern Sachverhalte, die aufkl\u00e4ren, Mut machen sowie ein positives, konstruktiv nach vorn schauendes Narrativ f\u00fcr Ostdeutschland bilden.<\/span><\/p>\n<p><span>\u201eDenke ich an Ostdeutschland &#8230; Impulse f\u00fcr eine gemeinsame Zukunft\u201c, Band 2, Frank und Robert Nehring (Hgg.), PRIMA VIER Nehring Verlag, Berlin 2025, 224 S., DIN A4.<\/span><\/p>\n<p><span>Als Hardcover und E-Book <a href=\"https:\/\/ostdeutschland.info\/denke-ich-an-ostdeutschland\/\">hier<\/a> erh\u00e4ltlich.<\/span><\/p>\n<p>\u00a0<\/p>\n<p>Der Beitrag <a href=\"https:\/\/ostdeutschland.info\/dr-philipp-grunden-rico-chmelik-und-dr-julia-huenniger-automotive-thueringen-automobile-zukunft-gemeinsam-gestalten\/\">Dr. Philipp Grunden, Rico Chmelik und Dr. Julia H\u00fcnniger: Automotive Th\u00fcringen. Automobile Zukunft gemeinsam gestalten<\/a> erschien zuerst auf <a href=\"https:\/\/ostdeutschland.info\/\">ostdeutschland.info<\/a>.<\/p>","protected":false},"excerpt":{"rendered":"<p>Dr. Philipp Grunden, Direktor Strategie &amp; Innovation, Rico Chmelik, Gesch\u00e4ftsf\u00fchrer, und Dr. Julia H\u00fcnniger, Projektleiterin Personal und Kompetenzentwicklung von automotive th\u00fcringen e.V. sind wichtige Impulsgeber f\u00fcr Ostdeutschland. Sie setzen sich ein f\u00fcr Vergewisserung, Verst\u00e4ndigung und Vers\u00f6hnung. Mit diesem Beitrag sind sie auch im zweiten Sammelband \u201eDenke ich an Ostdeutschland &#8230;\u201c vertreten. Dr. Philipp Grunden, Direktor Strategie &amp; Innovation, Rico Chmelik, Gesch\u00e4ftsf\u00fchrer, Dr. Julia H\u00fcnniger, Projektleiterin Personal und Kompetenzentwicklung automotive th\u00fcringen e.V. Abbildung: Ulrich Brothagen Denken wir an Ostdeutschland, dann denken wir an ein Land in Bewegung. Vor unserem inneren Auge erscheinen kurvenreiche Stra\u00dfen durch den Th\u00fcringer Wald, das Panorama der Wartburg [&hellip;]<\/p>\n","protected":false},"author":0,"featured_media":12898,"comment_status":"open","ping_status":"open","sticky":false,"template":"","format":"standard","meta":[],"categories":[1],"tags":[],"_links":{"self":[{"href":"http:\/\/havelnetz.de\/kunden\/mpw\/wp-json\/wp\/v2\/posts\/12897"}],"collection":[{"href":"http:\/\/havelnetz.de\/kunden\/mpw\/wp-json\/wp\/v2\/posts"}],"about":[{"href":"http:\/\/havelnetz.de\/kunden\/mpw\/wp-json\/wp\/v2\/types\/post"}],"replies":[{"embeddable":true,"href":"http:\/\/havelnetz.de\/kunden\/mpw\/wp-json\/wp\/v2\/comments?post=12897"}],"version-history":[{"count":0,"href":"http:\/\/havelnetz.de\/kunden\/mpw\/wp-json\/wp\/v2\/posts\/12897\/revisions"}],"wp:featuredmedia":[{"embeddable":true,"href":"http:\/\/havelnetz.de\/kunden\/mpw\/wp-json\/wp\/v2\/media\/12898"}],"wp:attachment":[{"href":"http:\/\/havelnetz.de\/kunden\/mpw\/wp-json\/wp\/v2\/media?parent=12897"}],"wp:term":[{"taxonomy":"category","embeddable":true,"href":"http:\/\/havelnetz.de\/kunden\/mpw\/wp-json\/wp\/v2\/categories?post=12897"},{"taxonomy":"post_tag","embeddable":true,"href":"http:\/\/havelnetz.de\/kunden\/mpw\/wp-json\/wp\/v2\/tags?post=12897"}],"curies":[{"name":"wp","href":"https:\/\/api.w.org\/{rel}","templated":true}]}}